{"id":28582,"date":"2017-02-20T16:17:28","date_gmt":"2017-02-20T15:17:28","guid":{"rendered":"http:\/\/mxajfmgl.preview.infomaniak.website\/?p=28582"},"modified":"2021-04-06T13:26:54","modified_gmt":"2021-04-06T12:26:54","slug":"le-pret-a-porter-marocain-entre-tendance-et-business","status":"publish","type":"post","link":"https:\/\/caft2wear.com\/fr\/le-pret-a-porter-marocain-entre-tendance-et-business\/","title":{"rendered":"Le pr\u00eat \u00e0 porter marocain : entre tendance et business"},"content":{"rendered":"<p>Savez-vous que de nos jours, ce qui marche le plus en termes de march\u00e9 des v\u00eatements est le pr\u00eat \u00e0 porter marocain ?<br \/>\nSavez-vous que le pr\u00eat \u00e0 porter est devenue un r\u00e9flexe imm\u00e9diat chez le consommateur\u00a0?<br \/>\nEt oui, tant quand les habits marocains sont au centre des pr\u00e9occupations des consommateurs, les vendeurs pensent \u00e0 tout et \u00e0 rien pour attirer leurs client\u00e8les et cela bien \u00e9videmment a r\u00e9ussi pour le concept du pr\u00eat \u00e0 porter marocain.<br \/>\nMaintenant, la question qui se pose est la suivante\u00a0: Certes, le pr\u00eat \u00e0 porter a connu un succ\u00e8s mais sera-t-il une affaire \u00e0 long terme\u00a0?<br \/>\nLe domaine est en train d\u2019\u00e9voluer au Maroc, passant du secteur informel au secteur formel, et r\u00e9pondant de plus en plus au pouvoir d\u2019achat des consommateurs marocains, qui sont \u00e0 la recherche de produits bon march\u00e9 avec un rapport qualit\u00e9\/prix int\u00e9ressant.<br \/>\nLe pr\u00eat \u00e0 porter prend une autre dimension quand il est centr\u00e9 main d\u2019\u0153uvre et production originale.<br \/>\nLa touche marocaine vient en ajouter une grande valeur et cela permet d\u2019une mani\u00e8re ou d\u2019une autre de pr\u00e9server le savoir faire marocain et d\u2019assurer la p\u00e9rennit\u00e9 d\u2019un patrimoine de valeur que l\u2019on ne veut certainement pas perdre.<br \/>\nIl est donc appr\u00e9ci\u00e9 et recommand\u00e9 de consommer les articles fait mains pour encourager les artisans \u00e0 produire et pour laisser r\u00e9gner cette culture d\u2019histoire partag\u00e9e.<br \/>\nChaque v\u00eatement, r\u00e9sultant d\u2019une production \u00e0 la main, raconte l\u2019histoire de tout un processus de travail et en v\u00e9rit\u00e9, c\u2019est toute une culture derri\u00e8re. Le challenge pour les artisans est de mettre en valeur leurs articles, tout en se diff\u00e9renciant de ce qui existe sur les autres march\u00e9s et ce qui ressort des concurrents.<br \/>\nDans la m\u00eame longueur d\u2019ondes, il faut \u00e9galement distinguer entre des v\u00eatements que l\u2019on a l\u2019habitude de trouver dans les souks, et ceux con\u00e7us dans le cadre d\u2019une strat\u00e9gie de cr\u00e9ation luxueuse.<br \/>\nLes v\u00eatements <strong>made in Morocco<\/strong> ne sont automatiquement pas destin\u00e9s \u00e0 la vente dans les souks traditionnels mais deviennent pourtant une tendance haute gamme, de luxe.<br \/>\nLes marques se lancent petit \u00e0 petit \u00e0 des tarifs bien \u00e9tudi\u00e9s. Et nous ne seront pas surpris si c\u2019est \u00e0 un moment, l\u2019ampleur devient d\u2019une dimension internationale.<br \/>\nLes nouveaux concepts \u00e9mergent et m\u00eame l\u2019id\u00e9e du pr\u00eat \u00e0 porter en ligne se d\u00e9veloppe par le biais du e-commerce.<br \/>\nDe l\u00e0, nous pouvons confirmer que le pr\u00eat \u00e0 porter marocain t\u00e2te \u00e0 la fois les alentours du traditionnel fait \u00e0 la main, l\u2019accessibilit\u00e9 \u00e0 tous via les canaux de distribution ainsi que les prix se trouvant vraiment abordables.<br \/>\nL\u2019id\u00e9e partag\u00e9e par la suite, c\u2019est de ne pas se limiter au march\u00e9 marocain mais pousser les ambitions des diff\u00e9rentes marques pour s\u2019implanter \u00e0 l\u2019international.<br \/>\nLe pr\u00eat \u00e0 porter marocain est loin d\u2019\u00eatre un simple march\u00e9 mais un potentiel d\u00e9velopp\u00e9 qui donne la chance aux petites marques marocaines d\u2019\u00e9voluer et d\u2019\u00e9merger en fonction des besoins cadr\u00e9s des consommateurs marocains.<br \/>\nIl serait \u00e9galement opportun de mentionner que les futures tendances dans le secteur du pr\u00eat \u00e0 porter prennent part dans les plus grands salons d\u2019habillement et de textile au niveau mondial.<br \/>\nCertes, la concurrence existe mais chaque marque essaie de se diff\u00e9rencier \u00e0 sa mani\u00e8re en apportant sa propre touche. Certaines se contentent sur la production 100% marocaine, d\u2019autres s\u2019inspirent des mod\u00e8les europ\u00e9ens et l\u2019adaptent \u00e0 la culture du pays et finalement une autre cat\u00e9gorie qui agit sur les deux axes, en combinant entre mode et tradition, modernit\u00e9 et culture et c\u2019est ce qui cr\u00e9e la diff\u00e9rence et permet \u00e0 la marque d\u2019\u00eatre polyvalente et fortement pr\u00e9sente sur le march\u00e9.<br \/>\nCe qui fait la force d\u2019une marque op\u00e9rant dans le secteur du pr\u00eat \u00e0 porter marocain c\u2019est surtout sa capacit\u00e9 \u00e0 accompagner les \u00e9volutions du march\u00e9 et \u00e0 contribuer au d\u00e9veloppement de l\u2019industrie marocaine pour assurer l\u2019avenir d\u2019un secteur \u00e9mergent.<\/p>\n<p><em><strong>Lire aussi :<\/strong><\/em><\/p>\n<p><a href=\"http:\/\/caft2wear.co\/lartisanat-marocain-entre-creation-de-richesse-et-demplois\" target=\"_blank\" rel=\"noopener\">L\u2019artisanat marocain : Entre Cr\u00e9ation de richesse et d\u2019emplois.<\/a><\/p>\n<p><a href=\"http:\/\/caft2wear.co\/le-caftan-marocain-histoire-entre-tradition-et-creativite\/\" target=\"_blank\" rel=\"noopener\">Le caftan marocain : Histoire entre tradition et cr\u00e9ativit\u00e9.<\/a><\/p>\n<p><a href=\"http:\/\/caft2wear.co\/caftan-marocain-entre-tendances-et-stylisme-sur-mesure\/\" target=\"_blank\" rel=\"noopener\">Caftan Marocain : Entre tendances et stylisme sur mesure.<\/a><\/p>\n<p><a href=\"http:\/\/caft2wear.co\/nos-evenements-marquants\/\" target=\"_blank\" rel=\"noopener\">Nos \u00e9v\u00e9nements Marquants<\/a><\/p>\n<p><a href=\"http:\/\/caft2wear.co\/notre-shooting-en-image\/\" target=\"_blank\" rel=\"noopener\">Caft2Wear, En image \u2026<\/a><\/p>\n","protected":false},"excerpt":{"rendered":"<p>Le pr\u00eat \u00e0 porter marocain est loin d\u2019\u00eatre un simple march\u00e9 mais un potentiel d\u00e9velopp\u00e9 qui donne la chance aux petites marques marocaines d\u2019\u00e9voluer et d\u2019\u00e9merger en fonction des besoins cadr\u00e9s des consommateurs marocains<\/p>\n","protected":false},"author":1,"featured_media":33105,"comment_status":"open","ping_status":"open","sticky":false,"template":"","format":"standard","meta":{"jetpack_post_was_ever_published":false,"_jetpack_newsletter_access":"","_jetpack_dont_email_post_to_subs":false,"_jetpack_newsletter_tier_id":0,"_jetpack_memberships_contains_paywalled_content":false,"_jetpack_memberships_contains_paid_content":false,"footnotes":""},"categories":[1],"tags":[],"class_list":["post-28582","post","type-post","status-publish","format-standard","has-post-thumbnail","hentry","category-non-classifiee"],"jetpack_featured_media_url":"https:\/\/caft2wear.com\/wp-content\/uploads\/2017\/02\/AM1W0140-scaled.jpg","jetpack_sharing_enabled":true,"_links":{"self":[{"href":"https:\/\/caft2wear.com\/fr\/wp-json\/wp\/v2\/posts\/28582","targetHints":{"allow":["GET"]}}],"collection":[{"href":"https:\/\/caft2wear.com\/fr\/wp-json\/wp\/v2\/posts"}],"about":[{"href":"https:\/\/caft2wear.com\/fr\/wp-json\/wp\/v2\/types\/post"}],"author":[{"embeddable":true,"href":"https:\/\/caft2wear.com\/fr\/wp-json\/wp\/v2\/users\/1"}],"replies":[{"embeddable":true,"href":"https:\/\/caft2wear.com\/fr\/wp-json\/wp\/v2\/comments?post=28582"}],"version-history":[{"count":0,"href":"https:\/\/caft2wear.com\/fr\/wp-json\/wp\/v2\/posts\/28582\/revisions"}],"wp:featuredmedia":[{"embeddable":true,"href":"https:\/\/caft2wear.com\/fr\/wp-json\/wp\/v2\/media\/33105"}],"wp:attachment":[{"href":"https:\/\/caft2wear.com\/fr\/wp-json\/wp\/v2\/media?parent=28582"}],"wp:term":[{"taxonomy":"category","embeddable":true,"href":"https:\/\/caft2wear.com\/fr\/wp-json\/wp\/v2\/categories?post=28582"},{"taxonomy":"post_tag","embeddable":true,"href":"https:\/\/caft2wear.com\/fr\/wp-json\/wp\/v2\/tags?post=28582"}],"curies":[{"name":"wp","href":"https:\/\/api.w.org\/{rel}","templated":true}]}}